{"id":1599,"date":"2024-01-02T11:32:42","date_gmt":"2024-01-02T10:32:42","guid":{"rendered":"https:\/\/backpacktraveler.qodeinteractive.com\/?p=1599"},"modified":"2024-07-29T22:47:43","modified_gmt":"2024-07-29T20:47:43","slug":"derry-the-own-i-loved-so-well","status":"publish","type":"post","link":"https:\/\/goodcraic.de\/en\/derry-the-own-i-loved-so-well\/","title":{"rendered":"A very Personal View"},"content":{"rendered":"<div class=\"wpb-content-wrapper\"><div class=\"vc_row wpb_row vc_row-fluid\" ><div class=\"wpb_column vc_column_container vc_col-sm-12\"><div class=\"vc_column-inner\"><div class=\"wpb_wrapper\">\n\t<div class=\"wpb_text_column wpb_content_element\" >\n\t\t<div class=\"wpb_wrapper\">\n\t\t\t<p class=\"translation-block\"><span class=\"mkdf-dropcaps mkdf-normal\" style=\"color: #249446\">\n\tA<\/span>s I first heard U2's \"<span style=\"color: #993300\"><em><strong>Sunday Bloody Sunday<\/strong><\/em><\/span>\" in the early 80s, I (of course) never dreamed that nearly 30 years later, I would have the opportunity to live and work in Derry for a few months and participate in the <span style=\"color: #993300\"><em><strong>\"Bloody Sunday march\"<\/strong><\/em><\/span> a week after my arrival. I will go into more detail about this march further below. I should perhaps mention that I grew up in a small country called the GDR, where the fall of the Berlin Wall was still far off at that time, making Northern Ireland unreachable for me. Also, in the GDR, it was difficult to access information about the \"capitalist foreign countries,\" or the states perceived ideologically as \"class enemies.\" Thus, one had to rely solely on the reports of \"Western television,\" which were not always particularly objective, as they tended to view things more from the British perspective, as I know today.<\/p>\n\n\t\t<\/div>\n\t<\/div>\n<div class=\"vc_empty_space\"   style=\"height: 9px\"><span class=\"vc_empty_space_inner\"><\/span><\/div>\n\t<div class=\"wpb_text_column wpb_content_element\" >\n\t\t<div class=\"wpb_wrapper\">\n\t\t\t<p class=\"translation-block\"><span class=\"mkdf-dropcaps mkdf-normal\" style=\"color: #249446\">\n\tS<\/span>unday Bloody Sunday by U2 prompted me at that time to delve more into the events of January 30, 1972, in Derry, where 14 unarmed people were shot dead by soldiers of the British Parachute Regiment during a civil rights demonstration, and 13 others were injured. It's noteworthy that British Prime Minister David Cameron only addressed this on June 15, 2010, apologizing on behalf of the government for the actions of the British soldiers. He called the operation \"unjustified and unjustifiable.\" Also, the grim depiction of the state of Belfast during the \"Troubles\" in \"Belfast Child\" by \"Simple Minds\" and \"The Cranberries,\" who also dealt with the Northern Ireland conflict in \"Zombie,\" had piqued my curiosity about this country at that time.<\/p>\n\n\t\t<\/div>\n\t<\/div>\n<div class=\"vc_empty_space\"   style=\"height: 20px\"><span class=\"vc_empty_space_inner\"><\/span><\/div><div class=\"mkdf-image-gallery mkdf-grid-list mkdf-disable-bottom-space  mkdf-ig-grid-type mkdf-three-columns mkdf-medium-space mkdf-has-shadow mkdf-image-behavior-zoom\">\n\t<div class=\"mkdf-ig-inner mkdf-outer-space\">\n\t\t\t\t\t<div class=\"mkdf-ig-image mkdf-item-space\">\n\t\t\t\t<div class=\"mkdf-ig-image-inner\">\n\t\t\t\t\t\t\t\t\t\t\t<img loading=\"lazy\" decoding=\"async\" width=\"400\" height=\"500\" src=\"data:image\/gif;base64,R0lGODlhAQABAAAAACH5BAEKAAEALAAAAAABAAEAAAICTAEAOw==\" class=\"attachment-full size-full lazyload\" alt=\"Derry Mural Civil Rights\" sizes=\"auto, (max-width: 400px) 100vw, 400px\" data-src=\"https:\/\/goodcraic.de\/wp-content\/uploads\/2024\/01\/Derry-Mural-Civil-Rights.jpg\" data-srcset=\"https:\/\/goodcraic.de\/wp-content\/uploads\/2024\/01\/Derry-Mural-Civil-Rights.jpg 400w, https:\/\/goodcraic.de\/wp-content\/uploads\/2024\/01\/Derry-Mural-Civil-Rights-240x300.jpg 240w, https:\/\/goodcraic.de\/wp-content\/uploads\/2024\/01\/Derry-Mural-Civil-Rights-10x12.jpg 10w\">\t\t\t\t\t\t\t\t\t<\/div>\n\t\t\t<\/div>\n\t\t\t\t\t<div class=\"mkdf-ig-image mkdf-item-space\">\n\t\t\t\t<div class=\"mkdf-ig-image-inner\">\n\t\t\t\t\t\t\t\t\t\t\t<img loading=\"lazy\" decoding=\"async\" width=\"400\" height=\"500\" src=\"data:image\/gif;base64,R0lGODlhAQABAAAAACH5BAEKAAEALAAAAAABAAEAAAICTAEAOw==\" class=\"attachment-full size-full lazyload\" alt=\"Petrol Bomber Mural in Derry\" sizes=\"auto, (max-width: 400px) 100vw, 400px\" data-src=\"https:\/\/goodcraic.de\/wp-content\/uploads\/2024\/01\/Derry-Petrol-Bomber-Bogside.jpg\" data-srcset=\"https:\/\/goodcraic.de\/wp-content\/uploads\/2024\/01\/Derry-Petrol-Bomber-Bogside.jpg 400w, https:\/\/goodcraic.de\/wp-content\/uploads\/2024\/01\/Derry-Petrol-Bomber-Bogside-240x300.jpg 240w, https:\/\/goodcraic.de\/wp-content\/uploads\/2024\/01\/Derry-Petrol-Bomber-Bogside-10x12.jpg 10w\">\t\t\t\t\t\t\t\t\t<\/div>\n\t\t\t<\/div>\n\t\t\t\t\t<div class=\"mkdf-ig-image mkdf-item-space\">\n\t\t\t\t<div class=\"mkdf-ig-image-inner\">\n\t\t\t\t\t\t\t\t\t\t\t<img loading=\"lazy\" decoding=\"async\" width=\"400\" height=\"500\" src=\"data:image\/gif;base64,R0lGODlhAQABAAAAACH5BAEKAAEALAAAAAABAAEAAAICTAEAOw==\" class=\"attachment-full size-full lazyload\" alt=\"Our Revenge will be the laugher of our children.\" sizes=\"auto, (max-width: 400px) 100vw, 400px\" data-src=\"https:\/\/goodcraic.de\/wp-content\/uploads\/2024\/01\/Derry-our-revenge.jpg\" data-srcset=\"https:\/\/goodcraic.de\/wp-content\/uploads\/2024\/01\/Derry-our-revenge.jpg 400w, https:\/\/goodcraic.de\/wp-content\/uploads\/2024\/01\/Derry-our-revenge-240x300.jpg 240w, https:\/\/goodcraic.de\/wp-content\/uploads\/2024\/01\/Derry-our-revenge-10x12.jpg 10w\">\t\t\t\t\t\t\t\t\t<\/div>\n\t\t\t<\/div>\n\t\t\t<\/div>\n<\/div><div class=\"vc_empty_space\"   style=\"height: 15px\"><span class=\"vc_empty_space_inner\"><\/span><\/div>\n\t<div class=\"wpb_text_column wpb_content_element\" >\n\t\t<div class=\"wpb_wrapper\">\n\t\t\t<p class=\"translation-block\"><span class=\"mkdf-dropcaps mkdf-normal\" style=\"color: #249446\">\n\tW<\/span>hat really happened, or the background of the Northern Ireland conflict, I only understood during my first stay in Derry. This was also because I was fortunate enough to live with a host family in the <span style=\"color: #993300\"><em><strong>Bogside<\/strong><\/em><\/span>. This allowed me to meet many interesting people whose stories and fates are deeply intertwined with the <span style=\"color: #993300\"><em><strong>\"Troubles\"<\/strong><\/em><\/span> and \"Bloody Sunday.\" Many have lost family members and friends and are marked by this time.<\/p>\n\n\t\t<\/div>\n\t<\/div>\n<div class=\"vc_empty_space\"   style=\"height: 9px\"><span class=\"vc_empty_space_inner\"><\/span><\/div><\/div><\/div><\/div><\/div><div class=\"vc_row wpb_row vc_row-fluid\" ><div class=\"wpb_column vc_column_container vc_col-sm-12\"><div class=\"vc_column-inner\"><div class=\"wpb_wrapper\">\n\t<div class=\"wpb_text_column wpb_content_element\" >\n\t\t<div class=\"wpb_wrapper\">\n\t\t\t\n<span class=\"mkdf-dropcaps mkdf-normal\" style=\"color: #249446\">\n\tD<\/span>\n<p><span class=\"mkdf-dropcaps mkdf-normal\" style=\"color: #249446\"><\/span>erry is a very hospitable city and now very safe, attractive for residents and tourists alike, and certainly worth a visit. Gone are the days when Derry was characterized by checkpoints and police stations and considered a \"troubled province.\" I had and always have an incredibly beautiful time in Derry and Northern Ireland. The people in Derry are very warm and honest. And if you are interested in their history, as I am, you can learn a lot about these people.<\/p>\n<p class=\"translation-block\">Derry offers a unique combination of history and culture. The beautiful old town, for example, with many pubs and bars. In \"<span style=\"color: #993300\"><em><strong>Peadar O\u2019Donnells<\/strong><\/em><\/span>,\" you meet many locals with whom you can easily strike up a conversation... great atmosphere, fantastic ambiance! Right next door in \"<span style=\"color: #993300\"><em><strong>Tracys Bar<\/strong><\/em><\/span>,\" you can listen to live traditional Irish music almost every day. However, it's best to enjoy this during the week, as the weekend, especially Saturdays, is exceptionally busy and you might not get much of the music \ud83d\ude09 During the week, though, the pubs are not so crowded, and you can even sit at the table with the musicians with your pint and enjoy the music up close.<\/p>\n\n\t\t<\/div>\n\t<\/div>\n<\/div><\/div><\/div><\/div><div class=\"vc_row wpb_row vc_row-fluid vc_custom_1534768281059\" ><div class=\"wpb_column vc_column_container vc_col-sm-6\"><div class=\"vc_column-inner vc_custom_1534768398573\"><div class=\"wpb_wrapper\">\n\t<div  class=\"wpb_single_image wpb_content_element vc_align_left wpb_content_element wpb_animate_when_almost_visible wpb_fadeInLeft fadeInLeft vc_custom_1720129475484\">\n\t\t\n\t\t<figure class=\"wpb_wrapper vc_figure\">\n\t\t\t<div class=\"vc_single_image-wrapper vc_box_shadow_3d  vc_box_border_grey\"><img loading=\"lazy\" decoding=\"async\" width=\"737\" height=\"1024\" src=\"data:image\/gif;base64,R0lGODlhAQABAAAAACH5BAEKAAEALAAAAAABAAEAAAICTAEAOw==\" class=\"vc_single_image-img attachment-full lazyload\" alt=\"The Craft Village Derry\" title=\"Singlepost_Craft_Village\" sizes=\"auto, (max-width: 737px) 100vw, 737px\" data-src=\"https:\/\/goodcraic.de\/wp-content\/uploads\/2024\/01\/Singlepost_Craft_Village.jpg\" data-srcset=\"https:\/\/goodcraic.de\/wp-content\/uploads\/2024\/01\/Singlepost_Craft_Village.jpg 737w, https:\/\/goodcraic.de\/wp-content\/uploads\/2024\/01\/Singlepost_Craft_Village-216x300.jpg 216w, https:\/\/goodcraic.de\/wp-content\/uploads\/2024\/01\/Singlepost_Craft_Village-9x12.jpg 9w\"><\/div>\n\t\t<\/figure>\n\t<\/div>\n<h2 class=\"mkdf-custom-font-holder  mkdf-cf-1731\" style=\"font-family: Lora;font-size: 15px;line-height: 63px;font-style: italic;letter-spacing: -1px;text-transform: none;text-align: center;color: #959595;margin: -8px 0 0 0\" data-item-class=\"mkdf-cf-1731\">\n\t\u201cThe Craft Village\u201d<\/h2><\/div><\/div><\/div><div class=\"wpb_column vc_column_container vc_col-sm-6\"><div class=\"vc_column-inner vc_custom_1534768405928\"><div class=\"wpb_wrapper\">\n\t<div  class=\"wpb_single_image wpb_content_element vc_align_left wpb_content_element wpb_animate_when_almost_visible wpb_fadeInRight fadeInRight vc_custom_1720129492778\">\n\t\t\n\t\t<figure class=\"wpb_wrapper vc_figure\">\n\t\t\t<div class=\"vc_single_image-wrapper vc_box_shadow_3d  vc_box_border_grey\"><img loading=\"lazy\" decoding=\"async\" width=\"737\" height=\"1024\" src=\"data:image\/gif;base64,R0lGODlhAQABAAAAACH5BAEKAAEALAAAAAABAAEAAAICTAEAOw==\" class=\"vc_single_image-img attachment-full lazyload\" alt=\"Peadar O&#039;Donnell&#039;s, in Derry\" title=\"Singlepost_Peadar_O_Donnels\" sizes=\"auto, (max-width: 737px) 100vw, 737px\" data-src=\"https:\/\/goodcraic.de\/wp-content\/uploads\/2024\/01\/Singlepost_Peadar_O_Donnels.jpg\" data-srcset=\"https:\/\/goodcraic.de\/wp-content\/uploads\/2024\/01\/Singlepost_Peadar_O_Donnels.jpg 737w, https:\/\/goodcraic.de\/wp-content\/uploads\/2024\/01\/Singlepost_Peadar_O_Donnels-216x300.jpg 216w, https:\/\/goodcraic.de\/wp-content\/uploads\/2024\/01\/Singlepost_Peadar_O_Donnels-9x12.jpg 9w\"><\/div>\n\t\t<\/figure>\n\t<\/div>\n<h2 class=\"mkdf-custom-font-holder  mkdf-cf-6805\" style=\"font-family: Lora;font-size: 15px;line-height: 63px;font-style: italic;letter-spacing: -1px;text-transform: none;text-align: center;color: #959595;margin: -8px 0 0 0\" data-item-class=\"mkdf-cf-6805\">\n\t\u201cPeadar O'Donnell's\u201d<\/h2><\/div><\/div><\/div><\/div><div class=\"vc_row wpb_row vc_row-fluid vc_custom_1534771917857\" ><div class=\"wpb_column vc_column_container vc_col-sm-12\"><div class=\"vc_column-inner\"><div class=\"wpb_wrapper\">\n\t<div class=\"wpb_text_column wpb_content_element\" >\n\t\t<div class=\"wpb_wrapper\">\n\t\t\t<p class=\"translation-block\"><span class=\"mkdf-dropcaps mkdf-normal\" style=\"color: #249446\">Y<\/span>ou should definitely take a walk around the historic city center on Ireland's last fully intact city walls, the <span style=\"color: #993300\"><em><strong>Derry Walls<\/strong><\/em><\/span>. They completely encircle the historic core, and it takes about three-quarters of an hour (2 km) to walk around. All the streets converge at the main square, <span style=\"color: #993300\"><em><strong>The Diamond<\/strong><\/em><\/span>. Nearby, you'll find the <span style=\"color: #993300\"><em><strong>Craft Village<\/strong><\/em><\/span>, a small hidden cultural oasis right in the city. It's a reconstruction of an 18th-century street and a 19th-century square, offering a mix of craft shops, balcony apartments, restaurants, and cafes. You can also find unique gifts from local artisans based in the \"Craft Village.\"\nAt the <span style=\"color: #993300\"><em><strong>Tower Museums<\/strong><\/em><\/span>, newly built in 2006, you can learn about Derry's rich history using the latest technology. There are two permanent exhibitions: <span style=\"color: #993300\"><em><strong>The Story of Derry<\/strong><\/em><\/span>, which tells the colorful and dramatic history of the city from its earliest prehistory to the present day, and <span style=\"color: #993300\"><em><strong>An Armada Shipwreck \u2013 La Trinidad Valencera<\/strong><\/em><\/span>, which recounts the story of one of the largest ships of the Spanish Armada, the La Trinidad Valencera, which sank off the coast of Donegal in 1588 and was rediscovered by divers from the City of Derry Sub-Aqua Club in 1971.<\/p>\n\n\t\t<\/div>\n\t<\/div>\n<div class=\"vc_empty_space\"   style=\"height: 20px\"><span class=\"vc_empty_space_inner\"><\/span><\/div><div class=\"vc_separator wpb_content_element vc_separator_align_center vc_sep_width_100 vc_sep_pos_align_center vc_separator_no_text vc_sep_color_grey wpb_content_element  wpb_content_element\" ><span class=\"vc_sep_holder vc_sep_holder_l\"><span class=\"vc_sep_line\"><\/span><\/span><span class=\"vc_sep_holder vc_sep_holder_r\"><span class=\"vc_sep_line\"><\/span><\/span>\n<\/div><div class=\"vc_empty_space\"   style=\"height: 20px\"><span class=\"vc_empty_space_inner\"><\/span><\/div><\/div><\/div><\/div><\/div>\n<div class=\"shariff shariff-align-flex-start shariff-widget-align-center\" data-url=\"https%3A%2F%2Fgoodcraic.de%2Fen%2Fderry-the-own-i-loved-so-well%2F\" data-timestamp=\"1722293263\" data-hidezero=\"1\" data-backendurl=\"https:\/\/goodcraic.de\/en\/wp-json\/shariff\/v1\/share_counts?\"><ul class=\"shariff-buttons theme-white orientation-horizontal buttonsize-medium\"><li class=\"shariff-button facebook shariff-nocustomcolor\" style=\"background-color:#4273c8\"><a href=\"https:\/\/www.facebook.com\/sharer\/sharer.php?u=https%3A%2F%2Fgoodcraic.de%2Fen%2Fderry-the-own-i-loved-so-well%2F\" title=\"Bei Facebook teilen\" aria-label=\"Bei Facebook teilen\" role=\"button\" rel=\"nofollow\" class=\"shariff-link\" style=\"; background-color:#3b5998; color:#3b5998\" target=\"_blank\"><span class=\"shariff-icon\" style=\"fill:#3b5998\"><svg width=\"32px\" height=\"20px\" xmlns=\"http:\/\/www.w3.org\/2000\/svg\" viewbox=\"0 0 18 32\"><path fill=\"#3b5998\" d=\"M17.1 0.2v4.7h-2.8q-1.5 0-2.1 0.6t-0.5 1.9v3.4h5.2l-0.7 5.3h-4.5v13.6h-5.5v-13.6h-4.5v-5.3h4.5v-3.9q0-3.3 1.9-5.2t5-1.8q2.6 0 4.1 0.2z\"\/><\/svg><\/span><span class=\"shariff-text\" style=\"color:#3b5998\">share<\/span>&nbsp;<\/a><\/li><li class=\"shariff-button pinterest shariff-nocustomcolor\" style=\"background-color:#e70f18\"><a href=\"https:\/\/www.pinterest.com\/pin\/create\/link\/?url=https%3A%2F%2Fgoodcraic.de%2Fen%2Fderry-the-own-i-loved-so-well%2F&media=https%3A%2F%2Fgoodcraic.de%2Fwp-content%2Fuploads%2F2023%2F04%2FDerry_Panorama-1.jpg&description=Eine%20sehr%20pers%C3%B6nliche%20Ansicht\" title=\"Bei Pinterest pinnen\" aria-label=\"Bei Pinterest pinnen\" role=\"button\" rel=\"noopener nofollow\" class=\"shariff-link\" style=\"; background-color:#cb2027; color:#cb2027\" target=\"_blank\"><span class=\"shariff-icon\" style=\"fill:#cb2027\"><svg width=\"32px\" height=\"20px\" xmlns=\"http:\/\/www.w3.org\/2000\/svg\" viewbox=\"0 0 27 32\"><path fill=\"#cb2027\" d=\"M27.4 16q0 3.7-1.8 6.9t-5 5-6.9 1.9q-2 0-3.9-0.6 1.1-1.7 1.4-2.9 0.2-0.6 1-3.8 0.4 0.7 1.3 1.2t2 0.5q2.1 0 3.8-1.2t2.7-3.4 0.9-4.8q0-2-1.1-3.8t-3.1-2.9-4.5-1.2q-1.9 0-3.5 0.5t-2.8 1.4-2 2-1.2 2.3-0.4 2.4q0 1.9 0.7 3.3t2.1 2q0.5 0.2 0.7-0.4 0-0.1 0.1-0.5t0.2-0.5q0.1-0.4-0.2-0.8-0.9-1.1-0.9-2.7 0-2.7 1.9-4.6t4.9-2q2.7 0 4.2 1.5t1.5 3.8q0 3-1.2 5.2t-3.1 2.1q-1.1 0-1.7-0.8t-0.4-1.9q0.1-0.6 0.5-1.7t0.5-1.8 0.2-1.4q0-0.9-0.5-1.5t-1.4-0.6q-1.1 0-1.9 1t-0.8 2.6q0 1.3 0.4 2.2l-1.8 7.5q-0.3 1.2-0.2 3.2-3.7-1.6-6-5t-2.3-7.6q0-3.7 1.9-6.9t5-5 6.9-1.9 6.9 1.9 5 5 1.8 6.9z\"\/><\/svg><\/span><span class=\"shariff-text\" style=\"color:#cb2027\">merken<\/span>&nbsp;<\/a><\/li><li class=\"shariff-button mailto shariff-nocustomcolor\" style=\"background-color:#a8a8a8\"><a href=\"mailto:?body=https%3A%2F%2Fgoodcraic.de%2Fen%2Fderry-the-own-i-loved-so-well%2F&subject=Eine%20sehr%20pers%C3%B6nliche%20Ansicht\" title=\"Per E-Mail versenden\" aria-label=\"Per E-Mail versenden\" role=\"button\" rel=\"noopener nofollow\" class=\"shariff-link\" style=\"; background-color:#999; color:#999\"><span class=\"shariff-icon\" style=\"fill:#999\"><svg width=\"32px\" height=\"20px\" xmlns=\"http:\/\/www.w3.org\/2000\/svg\" viewbox=\"0 0 32 32\"><path fill=\"#999\" d=\"M32 12.7v14.2q0 1.2-0.8 2t-2 0.9h-26.3q-1.2 0-2-0.9t-0.8-2v-14.2q0.8 0.9 1.8 1.6 6.5 4.4 8.9 6.1 1 0.8 1.6 1.2t1.7 0.9 2 0.4h0.1q0.9 0 2-0.4t1.7-0.9 1.6-1.2q3-2.2 8.9-6.1 1-0.7 1.8-1.6zM32 7.4q0 1.4-0.9 2.7t-2.2 2.2q-6.7 4.7-8.4 5.8-0.2 0.1-0.7 0.5t-1 0.7-0.9 0.6-1.1 0.5-0.9 0.2h-0.1q-0.4 0-0.9-0.2t-1.1-0.5-0.9-0.6-1-0.7-0.7-0.5q-1.6-1.1-4.7-3.2t-3.6-2.6q-1.1-0.7-2.1-2t-1-2.5q0-1.4 0.7-2.3t2.1-0.9h26.3q1.2 0 2 0.8t0.9 2z\"\/><\/svg><\/span><span class=\"shariff-text\" style=\"color:#999\">E-Mail<\/span>&nbsp;<\/a><\/li><li class=\"shariff-button whatsapp shariff-nocustomcolor\" style=\"background-color:#5cbe4a\"><a href=\"https:\/\/api.whatsapp.com\/send?text=https%3A%2F%2Fgoodcraic.de%2Fen%2Fderry-the-own-i-loved-so-well%2F%20Eine%20sehr%20pers%C3%B6nliche%20Ansicht\" title=\"Bei Whatsapp teilen\" aria-label=\"Bei Whatsapp teilen\" role=\"button\" rel=\"noopener nofollow\" class=\"shariff-link\" style=\"; background-color:#34af23; color:#34af23\" target=\"_blank\"><span class=\"shariff-icon\" style=\"fill:#34af23\"><svg width=\"32px\" height=\"20px\" xmlns=\"http:\/\/www.w3.org\/2000\/svg\" viewbox=\"0 0 32 32\"><path fill=\"#34af23\" d=\"M17.6 17.4q0.2 0 1.7 0.8t1.6 0.9q0 0.1 0 0.3 0 0.6-0.3 1.4-0.3 0.7-1.3 1.2t-1.8 0.5q-1 0-3.4-1.1-1.7-0.8-3-2.1t-2.6-3.3q-1.3-1.9-1.3-3.5v-0.1q0.1-1.6 1.3-2.8 0.4-0.4 0.9-0.4 0.1 0 0.3 0t0.3 0q0.3 0 0.5 0.1t0.3 0.5q0.1 0.4 0.6 1.6t0.4 1.3q0 0.4-0.6 1t-0.6 0.8q0 0.1 0.1 0.3 0.6 1.3 1.8 2.4 1 0.9 2.7 1.8 0.2 0.1 0.4 0.1 0.3 0 1-0.9t0.9-0.9zM14 26.9q2.3 0 4.3-0.9t3.6-2.4 2.4-3.6 0.9-4.3-0.9-4.3-2.4-3.6-3.6-2.4-4.3-0.9-4.3 0.9-3.6 2.4-2.4 3.6-0.9 4.3q0 3.6 2.1 6.6l-1.4 4.2 4.3-1.4q2.8 1.9 6.2 1.9zM14 2.2q2.7 0 5.2 1.1t4.3 2.9 2.9 4.3 1.1 5.2-1.1 5.2-2.9 4.3-4.3 2.9-5.2 1.1q-3.5 0-6.5-1.7l-7.4 2.4 2.4-7.2q-1.9-3.2-1.9-6.9 0-2.7 1.1-5.2t2.9-4.3 4.3-2.9 5.2-1.1z\"\/><\/svg><\/span><span class=\"shariff-text\" style=\"color:#34af23\">share<\/span>&nbsp;<\/a><\/li><\/ul><\/div><\/div>","protected":false},"excerpt":{"rendered":"Als ich Anfang der 80iger Jahre zum ersten Mal \u201eSunday Bloody Sunday\u201c von U2 h\u00f6rte, h\u00e4tte ich (nat\u00fcrlich) nicht im Traum daran gedacht, dass ich fast 30 Jahre sp\u00e4ter die Gelegenheit bekommen sollte, f\u00fcr ein paar Monate in Derry leben [...]","protected":false},"author":1,"featured_media":6870,"comment_status":"closed","ping_status":"closed","sticky":false,"template":"","format":"standard","meta":{"h5ap_radio_sources":[],"iawp_total_views":67,"footnotes":""},"categories":[58,11,5,3],"tags":[17,65,64],"class_list":["post-1599","post","type-post","status-publish","format-standard","has-post-thumbnail","hentry","category-fotografieren","category-guides","category-inspirierend","category-reiseziel","tag-entdecken","tag-geschichtstraechtig","tag-historisch"],"_links":{"self":[{"href":"https:\/\/goodcraic.de\/en\/wp-json\/wp\/v2\/posts\/1599","targetHints":{"allow":["GET"]}}],"collection":[{"href":"https:\/\/goodcraic.de\/en\/wp-json\/wp\/v2\/posts"}],"about":[{"href":"https:\/\/goodcraic.de\/en\/wp-json\/wp\/v2\/types\/post"}],"author":[{"embeddable":true,"href":"https:\/\/goodcraic.de\/en\/wp-json\/wp\/v2\/users\/1"}],"replies":[{"embeddable":true,"href":"https:\/\/goodcraic.de\/en\/wp-json\/wp\/v2\/comments?post=1599"}],"version-history":[{"count":0,"href":"https:\/\/goodcraic.de\/en\/wp-json\/wp\/v2\/posts\/1599\/revisions"}],"wp:featuredmedia":[{"embeddable":true,"href":"https:\/\/goodcraic.de\/en\/wp-json\/wp\/v2\/media\/6870"}],"wp:attachment":[{"href":"https:\/\/goodcraic.de\/en\/wp-json\/wp\/v2\/media?parent=1599"}],"wp:term":[{"taxonomy":"category","embeddable":true,"href":"https:\/\/goodcraic.de\/en\/wp-json\/wp\/v2\/categories?post=1599"},{"taxonomy":"post_tag","embeddable":true,"href":"https:\/\/goodcraic.de\/en\/wp-json\/wp\/v2\/tags?post=1599"}],"curies":[{"name":"wp","href":"https:\/\/api.w.org\/{rel}","templated":true}]}}